{"id":15543,"date":"2021-03-10T01:49:00","date_gmt":"2021-03-10T01:49:00","guid":{"rendered":"https:\/\/www.cafconfsal.it\/centro-assistenza-fiscale\/testo-unico-delle-imposte-sui-redditi-art-1-presupposto-dellimposta-copy\/"},"modified":"2021-03-17T14:06:52","modified_gmt":"2021-03-17T14:06:52","slug":"art-8-determinazione-del-reddito-complessivo-t-u-imposte-sui-redditi","status":"publish","type":"post","link":"https:\/\/www.cafconfsal.it\/centro-assistenza-fiscale\/art-8-determinazione-del-reddito-complessivo-t-u-imposte-sui-redditi\/","title":{"rendered":"Art. 8 (Determinazione del reddito complessivo)"},"content":{"rendered":"\t\t<div data-elementor-type=\"wp-post\" data-elementor-id=\"15543\" class=\"elementor elementor-15543\">\n\t\t\t\t\t\t\t\t\t<section class=\"elementor-section elementor-top-section elementor-element elementor-element-358eb37 elementor-section-boxed elementor-section-height-default elementor-section-height-default\" data-id=\"358eb37\" data-element_type=\"section\">\n\t\t\t\t\t\t<div class=\"elementor-container elementor-column-gap-default\">\n\t\t\t\t\t<div class=\"elementor-column elementor-col-100 elementor-top-column elementor-element elementor-element-c5064b4\" data-id=\"c5064b4\" data-element_type=\"column\">\n\t\t\t<div class=\"elementor-widget-wrap elementor-element-populated\">\n\t\t\t\t\t\t\t\t<div class=\"elementor-element elementor-element-0b82f9f elementor-widget elementor-widget-text-editor\" data-id=\"0b82f9f\" data-element_type=\"widget\" data-widget_type=\"text-editor.default\">\n\t\t\t\t<div class=\"elementor-widget-container\">\n\t\t\t\t\t\t\t<p>\u00a0Normativa &gt; (<a href=\"https:\/\/www.cafconfsal.it\/centro-assistenza-fiscale\/normativa-testo-unico-del-22-12-1986-n-917\/\">T.U. Imposte sui Redditi<\/a>)<\/p>\t\t\t\t\t\t<\/div>\n\t\t\t\t<\/div>\n\t\t\t\t\t<\/div>\n\t\t<\/div>\n\t\t\t\t\t\t\t<\/div>\n\t\t<\/section>\n\t\t\t\t<section class=\"elementor-section elementor-top-section elementor-element elementor-element-2c5c9e7 elementor-section-boxed elementor-section-height-default elementor-section-height-default\" data-id=\"2c5c9e7\" data-element_type=\"section\">\n\t\t\t\t\t\t<div class=\"elementor-container elementor-column-gap-default\">\n\t\t\t\t\t<div class=\"elementor-column elementor-col-100 elementor-top-column elementor-element elementor-element-d86a6a3\" data-id=\"d86a6a3\" data-element_type=\"column\">\n\t\t\t<div class=\"elementor-widget-wrap elementor-element-populated\">\n\t\t\t\t\t\t\t\t<div class=\"elementor-element elementor-element-87c2dae elementor-widget elementor-widget-text-editor\" data-id=\"87c2dae\" data-element_type=\"widget\" data-widget_type=\"text-editor.default\">\n\t\t\t\t<div class=\"elementor-widget-container\">\n\t\t\t\t\t\t\t<p>1. <b>Il reddito complessivo si determina sommando i redditi di ogni&nbsp;categoria che concorrono a formarlo e sottraendo le perdite derivanti&nbsp;dall&#8217;esercizio di imprese commerciali di cui all&#8217;articolo 66 e quelle&nbsp;derivanti dall&#8217;esercizio di arti e professioni<\/b>. Non concorrono a formare il&nbsp;reddito complessivo dei percipienti i compensi non ammessi in deduzione ai&nbsp;sensi dell&#8217;articolo 60.<br>2. Le perdite delle societ\u00e0 in nome collettivo ed in accomandita semplice&nbsp;di cui all&#8217;articolo 5, nonch\u00e8 quelle delle societ\u00e0 semplici e delle&nbsp;associazioni di cui allo stesso articolo derivanti dall&#8217;esercizio di arti e&nbsp;professioni, si sottraggono per ciascun socio o associato nella proporzione&nbsp;stabilita dall&#8217;<a href=\"https:\/\/www.cafconfsal.it\/centro-assistenza-fiscale\/art-5-redditi-prodotti-in-forma-associata-t-u-imposte-sui-redditi\/\">articolo 5<\/a>. Per le perdite della societ\u00e0&nbsp; in accomandita&nbsp;semplice che eccedono l&#8217;ammontare del capitale sociale la presente&nbsp;disposizione si applica nei soli confronti dei soci accomandatari.<br>3. Le perdite derivanti dall&#8217;esercizio di imprese commerciali e quelle&nbsp;derivanti dalla partecipazione in societ\u00e0 in nome collettivo e in&nbsp;accomandita semplice sono computate in diminuzione dai relativi redditi&nbsp;conseguiti nei periodi di imposta e per la differenza nei successivi, ma non&nbsp;oltre il quinto, per l&#8217;intero importo che trova capienza in essi. La&nbsp;presente disposizione non si applica per le perdite determinate a norma&nbsp;dell&#8217;articolo 66. Si applicano le disposizioni dell&#8217;articolo 84, comma 2, e,&nbsp;limitatamente alle societ\u00e0 in nome collettivo ed in accomandita semplice,&nbsp;quelle di cui al comma 3 del medesimo articolo 84.<\/p>\t\t\t\t\t\t<\/div>\n\t\t\t\t<\/div>\n\t\t\t\t<div class=\"elementor-element elementor-element-c02b348 elementor-widget elementor-widget-text-editor\" data-id=\"c02b348\" data-element_type=\"widget\" data-widget_type=\"text-editor.default\">\n\t\t\t\t<div class=\"elementor-widget-container\">\n\t\t\t\t\t\t\t<p>Modificato da: <a href=\"https:\/\/www.gazzettaufficiale.it\/eli\/id\/2007\/12\/28\/007G0264\/sg\" target=\"_blank\" rel=\"noopener\">Legge del 24\/12\/2007 n. 244 Articolo 1<\/a>.<\/p>\t\t\t\t\t\t<\/div>\n\t\t\t\t<\/div>\n\t\t\t\t\t<\/div>\n\t\t<\/div>\n\t\t\t\t\t\t\t<\/div>\n\t\t<\/section>\n\t\t\t\t<section class=\"elementor-section elementor-top-section elementor-element elementor-element-1460649 elementor-section-boxed elementor-section-height-default elementor-section-height-default\" data-id=\"1460649\" data-element_type=\"section\">\n\t\t\t\t\t\t<div class=\"elementor-container elementor-column-gap-default\">\n\t\t\t\t\t<div class=\"elementor-column elementor-col-100 elementor-top-column elementor-element elementor-element-14fbfd0\" data-id=\"14fbfd0\" data-element_type=\"column\">\n\t\t\t<div class=\"elementor-widget-wrap elementor-element-populated\">\n\t\t\t\t\t\t\t\t<div class=\"elementor-element elementor-element-881f231 elementor-align-center elementor-widget elementor-widget-button\" data-id=\"881f231\" data-element_type=\"widget\" data-widget_type=\"button.default\">\n\t\t\t\t<div class=\"elementor-widget-container\">\n\t\t\t\t\t<div class=\"elementor-button-wrapper\">\n\t\t\t<a class=\"elementor-button elementor-button-link elementor-size-md\" href=\"https:\/\/cafconfsal.it\/centro-assistenza-fiscale\/sedi-del-caf\/\">\n\t\t\t\t\t\t<span class=\"elementor-button-content-wrapper\">\n\t\t\t\t\t\t<span class=\"elementor-button-text\">Richiedi info<\/span>\n\t\t<\/span>\n\t\t\t\t\t<\/a>\n\t\t<\/div>\n\t\t\t\t<\/div>\n\t\t\t\t<\/div>\n\t\t\t\t\t<\/div>\n\t\t<\/div>\n\t\t\t\t\t\t\t<\/div>\n\t\t<\/section>\n\t\t\t\t\t\t\t<\/div>\n\t\t","protected":false},"excerpt":{"rendered":"<p>&nbsp;Normativa &gt; (T.U. Imposte sui Redditi) 1. Il reddito complessivo si determina sommando i redditi di ogni&nbsp;categoria che concorrono a formarlo e sottraendo le perdite derivanti&nbsp;dall&#8217;esercizio di imprese commerciali di cui all&#8217;articolo 66 e quelle&nbsp;derivanti dall&#8217;esercizio di arti e professioni. Non concorrono a formare il&nbsp;reddito complessivo dei percipienti i compensi non ammessi in deduzione ai&nbsp;sensi [&hellip;]<\/p>\n","protected":false},"author":2,"featured_media":0,"comment_status":"open","ping_status":"open","sticky":false,"template":"","format":"standard","meta":{"footnotes":""},"categories":[99,100],"tags":[],"class_list":["post-15543","post","type-post","status-publish","format-standard","hentry","category-testo-unico-del-22-12-1986-n-917","category-titolo-i-917"],"_links":{"self":[{"href":"https:\/\/www.cafconfsal.it\/centro-assistenza-fiscale\/wp-json\/wp\/v2\/posts\/15543","targetHints":{"allow":["GET"]}}],"collection":[{"href":"https:\/\/www.cafconfsal.it\/centro-assistenza-fiscale\/wp-json\/wp\/v2\/posts"}],"about":[{"href":"https:\/\/www.cafconfsal.it\/centro-assistenza-fiscale\/wp-json\/wp\/v2\/types\/post"}],"author":[{"embeddable":true,"href":"https:\/\/www.cafconfsal.it\/centro-assistenza-fiscale\/wp-json\/wp\/v2\/users\/2"}],"replies":[{"embeddable":true,"href":"https:\/\/www.cafconfsal.it\/centro-assistenza-fiscale\/wp-json\/wp\/v2\/comments?post=15543"}],"version-history":[{"count":5,"href":"https:\/\/www.cafconfsal.it\/centro-assistenza-fiscale\/wp-json\/wp\/v2\/posts\/15543\/revisions"}],"predecessor-version":[{"id":15548,"href":"https:\/\/www.cafconfsal.it\/centro-assistenza-fiscale\/wp-json\/wp\/v2\/posts\/15543\/revisions\/15548"}],"wp:attachment":[{"href":"https:\/\/www.cafconfsal.it\/centro-assistenza-fiscale\/wp-json\/wp\/v2\/media?parent=15543"}],"wp:term":[{"taxonomy":"category","embeddable":true,"href":"https:\/\/www.cafconfsal.it\/centro-assistenza-fiscale\/wp-json\/wp\/v2\/categories?post=15543"},{"taxonomy":"post_tag","embeddable":true,"href":"https:\/\/www.cafconfsal.it\/centro-assistenza-fiscale\/wp-json\/wp\/v2\/tags?post=15543"}],"curies":[{"name":"wp","href":"https:\/\/api.w.org\/{rel}","templated":true}]}}